{"id":22176,"date":"2019-01-14T11:00:25","date_gmt":"2019-01-14T09:00:25","guid":{"rendered":"https:\/\/www.comunello.com\/de\/?p=22176"},"modified":"2019-01-23T14:40:53","modified_gmt":"2019-01-23T12:40:53","slug":"bau-muenchen-2019","status":"publish","type":"post","link":"https:\/\/www.comunello.com\/de\/blog\/bau-muenchen-2019\/","title":{"rendered":"BAU \/ M\u00fcnchen \/ Januar 2019"},"content":{"rendered":"<p>[vc_row row_type=&#8220;row&#8220; use_row_as_full_screen_section=&#8220;no&#8220; type=&#8220;full_width&#8220; angled_section=&#8220;no&#8220; text_align=&#8220;left&#8220; background_image_as_pattern=&#8220;without_pattern&#8220; css_animation=&#8220;&#8220;][vc_column][vc_empty_space height=&#8220;20px&#8220;][vc_single_image image=&#8220;22169&#8243; img_size=&#8220;full&#8220; alignment=&#8220;center&#8220; qode_css_animation=&#8220;&#8220;][vc_empty_space height=&#8220;20px&#8220;][vc_column_text css=&#8220;.vc_custom_1541758433044{padding-top: 30px !important;}&#8220;]<\/p>\n<p class=\"p1\" style=\"text-align: justify;\">Comunello wird an der Messe <strong>Bau M\u00fcnchen 2019<\/strong> teilnehmen, die unter 14. und 19. Januar 2019 stattfindet.<\/p>\n<p class=\"p1\" style=\"text-align: justify;\">Wir w\u00e4ren sehr efreut, Sie zu unserem Messestand <strong>500 Halle B3<\/strong> einzuladen und Sie unsere neue Produkte der Gatezubeh\u00f6relinie und Sie unsere Automationen f\u00fcr Fl\u00fcgeltore, Schiebetore, Garaget\u00fcren und Barrieren zu verf\u00fchren.<\/p>\n<p class=\"p1\" style=\"text-align: justify;\">Wir warten auf Sie,<br \/>\nComunello Staff<\/p>\n<p>[\/vc_column_text][\/vc_column][\/vc_row]<\/p>\n","protected":false},"excerpt":{"rendered":"<p>Comunello wird an der Messe Bau M\u00fcnchen 2019 teilnehmen, die unter 14. und 19. Januar 2019 stattfindet<\/p>\n","protected":false},"author":1,"featured_media":22168,"comment_status":"open","ping_status":"open","sticky":false,"template":"","format":"standard","meta":[],"categories":[72,37,29],"tags":[],"yoast_head":"<!-- This site is optimized with the Yoast SEO plugin v16.0.2 - https:\/\/yoast.com\/wordpress\/plugins\/seo\/ -->\n<link rel=\"canonical\" href=\"https:\/\/www.comunello.com\/de\/blog\/bau-muenchen-2019\/\" \/>\n<meta property=\"og:locale\" content=\"de_DE\" \/>\n<meta property=\"og:type\" content=\"article\" \/>\n<meta property=\"og:title\" content=\"BAU \/ M\u00fcnchen \/ Januar 2019 - Fratelli COMUNELLO\" \/>\n<meta property=\"og:description\" content=\"Comunello wird an der Messe Bau M\u00fcnchen 2019 teilnehmen, die unter 14. und 19. Januar 2019 stattfindet\" \/>\n<meta property=\"og:url\" content=\"https:\/\/www.comunello.com\/de\/blog\/bau-muenchen-2019\/\" \/>\n<meta property=\"og:site_name\" content=\"Fratelli COMUNELLO\" \/>\n<meta property=\"article:published_time\" content=\"2019-01-14T09:00:25+00:00\" \/>\n<meta property=\"article:modified_time\" content=\"2019-01-23T12:40:53+00:00\" \/>\n<meta property=\"og:image\" content=\"https:\/\/www.comunello.com\/wp-content\/uploads\/2018\/11\/blog_550-bau-2019.jpg\" \/>\n\t<meta property=\"og:image:width\" content=\"550\" \/>\n\t<meta property=\"og:image:height\" content=\"350\" \/>\n<meta name=\"twitter:card\" content=\"summary_large_image\" \/>\n<meta name=\"twitter:label1\" content=\"Gesch\u00e4tzte Lesezeit\">\n\t<meta name=\"twitter:data1\" content=\"1 Minute\">\n<script type=\"application\/ld+json\" class=\"yoast-schema-graph\">{\"@context\":\"https:\/\/schema.org\",\"@graph\":[{\"@type\":\"WebSite\",\"@id\":\"https:\/\/www.comunello.com\/#website\",\"url\":\"https:\/\/www.comunello.com\/\",\"name\":\"Fratelli COMUNELLO\",\"description\":\"| Life Made Easy\",\"potentialAction\":[{\"@type\":\"SearchAction\",\"target\":\"https:\/\/www.comunello.com\/?s={search_term_string}\",\"query-input\":\"required name=search_term_string\"}],\"inLanguage\":\"de-DE\"},{\"@type\":\"ImageObject\",\"@id\":\"https:\/\/www.comunello.com\/de\/blog\/bau-muenchen-2019\/#primaryimage\",\"inLanguage\":\"de-DE\",\"url\":\"https:\/\/www.comunello.com\/wp-content\/uploads\/2018\/11\/blog_550-bau-2019.jpg\",\"width\":550,\"height\":350},{\"@type\":\"WebPage\",\"@id\":\"https:\/\/www.comunello.com\/de\/blog\/bau-muenchen-2019\/#webpage\",\"url\":\"https:\/\/www.comunello.com\/de\/blog\/bau-muenchen-2019\/\",\"name\":\"BAU \/ M\\u00fcnchen \/ Januar 2019 - Fratelli COMUNELLO\",\"isPartOf\":{\"@id\":\"https:\/\/www.comunello.com\/#website\"},\"primaryImageOfPage\":{\"@id\":\"https:\/\/www.comunello.com\/de\/blog\/bau-muenchen-2019\/#primaryimage\"},\"datePublished\":\"2019-01-14T09:00:25+00:00\",\"dateModified\":\"2019-01-23T12:40:53+00:00\",\"author\":{\"@id\":\"https:\/\/www.comunello.com\/#\/schema\/person\/423fe84bdb77cdc0ca0e64f82e1686f6\"},\"breadcrumb\":{\"@id\":\"https:\/\/www.comunello.com\/de\/blog\/bau-muenchen-2019\/#breadcrumb\"},\"inLanguage\":\"de-DE\",\"potentialAction\":[{\"@type\":\"ReadAction\",\"target\":[\"https:\/\/www.comunello.com\/de\/blog\/bau-muenchen-2019\/\"]}]},{\"@type\":\"BreadcrumbList\",\"@id\":\"https:\/\/www.comunello.com\/de\/blog\/bau-muenchen-2019\/#breadcrumb\",\"itemListElement\":[{\"@type\":\"ListItem\",\"position\":1,\"item\":{\"@type\":\"WebPage\",\"@id\":\"https:\/\/www.comunello.com\/de\/\",\"url\":\"https:\/\/www.comunello.com\/de\/\",\"name\":\"Home\"}},{\"@type\":\"ListItem\",\"position\":2,\"item\":{\"@type\":\"WebPage\",\"@id\":\"https:\/\/www.comunello.com\/de\/blog\/bau-muenchen-2019\/\",\"url\":\"https:\/\/www.comunello.com\/de\/blog\/bau-muenchen-2019\/\",\"name\":\"BAU \/ M\\u00fcnchen \/ Januar 2019\"}}]},{\"@type\":\"Person\",\"@id\":\"https:\/\/www.comunello.com\/#\/schema\/person\/423fe84bdb77cdc0ca0e64f82e1686f6\",\"name\":\"admin\",\"image\":{\"@type\":\"ImageObject\",\"@id\":\"https:\/\/www.comunello.com\/#personlogo\",\"inLanguage\":\"de-DE\",\"url\":\"https:\/\/secure.gravatar.com\/avatar\/bc1cc9ba940c629344a1694ba256deba?s=96&d=mm&r=g\",\"caption\":\"admin\"}}]}<\/script>\n<!-- \/ Yoast SEO plugin. -->","_links":{"self":[{"href":"https:\/\/www.comunello.com\/de\/wp-json\/wp\/v2\/posts\/22176\/"}],"collection":[{"href":"https:\/\/www.comunello.com\/de\/wp-json\/wp\/v2\/posts\/"}],"about":[{"href":"https:\/\/www.comunello.com\/de\/wp-json\/wp\/v2\/types\/post\/"}],"author":[{"embeddable":true,"href":"https:\/\/www.comunello.com\/de\/wp-json\/wp\/v2\/users\/1\/"}],"replies":[{"embeddable":true,"href":"https:\/\/www.comunello.com\/de\/wp-json\/wp\/v2\/comments\/?post=22176"}],"version-history":[{"count":5,"href":"https:\/\/www.comunello.com\/de\/wp-json\/wp\/v2\/posts\/22176\/revisions\/"}],"predecessor-version":[{"id":22185,"href":"https:\/\/www.comunello.com\/de\/wp-json\/wp\/v2\/posts\/22176\/revisions\/22185\/"}],"wp:featuredmedia":[{"embeddable":true,"href":"https:\/\/www.comunello.com\/de\/wp-json\/wp\/v2\/media\/22168\/"}],"wp:attachment":[{"href":"https:\/\/www.comunello.com\/de\/wp-json\/wp\/v2\/media\/?parent=22176"}],"wp:term":[{"taxonomy":"category","embeddable":true,"href":"https:\/\/www.comunello.com\/de\/wp-json\/wp\/v2\/categories\/?post=22176"},{"taxonomy":"post_tag","embeddable":true,"href":"https:\/\/www.comunello.com\/de\/wp-json\/wp\/v2\/tags\/?post=22176"}],"curies":[{"name":"wp","href":"https:\/\/api.w.org\/{rel}","templated":true}]}}